
{"id":252945,"date":"2025-10-09T00:00:00","date_gmt":"2025-10-08T22:00:00","guid":{"rendered":"https:\/\/www.altermes.fr\/les-infos-du-jour\/chlordecone-un-portail-pour-centraliser-les-informations-et-les-solutions\/"},"modified":"2025-10-09T00:00:00","modified_gmt":"2025-10-08T22:00:00","slug":"chlordecone-un-portail-pour-centraliser-les-informations-et-les-solutions","status":"publish","type":"weblex-importer-post","link":"https:\/\/www.altermes.fr\/en\/les-infos-du-jour\/chlordecone-un-portail-pour-centraliser-les-informations-et-les-solutions\/","title":{"rendered":"Chlord\u00e9cone : un portail pour centraliser les informations et les solutions"},"content":{"rendered":"<p>Bien qu\u2019il ne soit plus utilis\u00e9 depuis plus de 30 ans, le chlord\u00e9cone est encore bien pr\u00e9sent dans les sols, les eaux et la nourriture en Guadeloupe et en Martinique. Parmi les dispositifs mis en place pour aider la population, un portail officiel de mutualisation des informations et des actualit\u00e9s est \u00e0 pr\u00e9sent disponible.<\/p>\n<h2>Chlord\u00e9cone : diffuser les informations pour mieux se prot\u00e9ger<\/h2>\n<p>Pour rappel, le chlord\u00e9cone est un pesticide utilis\u00e9 entre 1972 et 1993 en Guadeloupe et en Martinique pour lutter contre le charan\u00e7on du bananier, un insecte s\u2019attaquant \u00e0 la plante en creusant des galeries directement dans le bulbe ou le tronc.<\/p>\n<p>Cependant, ce pesticide a eu des cons\u00e9quences n\u00e9fastes sur les personnes directement expos\u00e9es et sur l\u2019environnement puisqu\u2019il s\u2019est r\u00e9pandu dans la terre et dans les eaux, contaminant ainsi l\u2019alimentation.<\/p>\n<p>Par cons\u00e9quent, les pouvoirs publics ont mis en place des recommandations de gestes de protection, des conseils alimentaires, des cartes des zones contamin\u00e9es, des d\u00e9pistages, des aides financi\u00e8res pour les secteurs de l\u2019agriculture ou de la p\u00eache, etc.<\/p>\n<p>Les pouvoirs publics ont centralis\u00e9 l\u2019ensemble des ressources, des recherches et des actualit\u00e9s sur un m\u00eame site, disponible <a href=\"https:\/\/www.chlordecone-info.fr\/\" target=\"_blank\" rel=\"noopener nofollow\">ici<\/a>.<\/p>\n<p>Notez que ce site a \u00e9t\u00e9 con\u00e7u avec des partenaires publics et priv\u00e9s de mani\u00e8re \u00e0 en faire une bo\u00eete \u00e0 outils, mis r\u00e9guli\u00e8rement \u00e0 jour pour faciliter l\u2019information de la population.<\/p>\n<div>Sources :  <\/p>\n<ul>\n<li><a href=\"https:\/\/www.outre-mer.gouv.fr\/lancement-du-portail-chlordecone-infofr\" target=\"_blank\" rel=\"noopener nofollow\">Actualit\u00e9 du minist\u00e8re des Outre-mer du 10 septembre 2025 : \u00ab Lancement du portail chlordecone-info.fr \u00bb<\/a><\/li>\n<li><a href=\"https:\/\/www.chlordecone-info.fr\/\" target=\"_blank\" rel=\"noopener nofollow\">Portail chlordecone-info.fr<\/a><\/li>\n<\/ul>\n<\/div>\n<p><a href=\"https:\/\/www.weblex.fr\/weblex-actualite\/chlordecone-un-portail-pour-centraliser-les-informations-et-les-solutions\" target=\"_blank\" rel=\"noopener nofollow\">Chlord\u00e9cone : un portail pour centraliser les informations et les solutions<\/a> &#8211; \u00a9 Copyright WebLex<\/p>\n<p><img decoding=\"async\" src=\"https:\/\/www.weblex.fr\/sites\/default\/files\/actualites\/images\/Shutterstock_chlordeconesolutions.jpg\" alt=\"\"><\/p>\n","protected":false},"excerpt":{"rendered":"<p>Bien qu\u2019il ne soit plus utilis\u00e9 depuis plus de 30 ans, le chlord\u00e9cone est encore bien pr\u00e9sent dans les sols, les eaux et la nourriture en Guadeloupe et en Martinique. Parmi les dispositifs mis en place pour aider la population, un portail officiel de mutualisation des informations et des actualit\u00e9s est \u00e0 pr\u00e9sent disponible.<\/p>\n","protected":false},"featured_media":252946,"template":"","weblex-importer-activity":[99],"weblex-importer-category":[97,100],"weblex-importer-tag":[96],"weblex-importer-keyword":[],"class_list":["post-252945","weblex-importer-post","type-weblex-importer-post","status-publish","has-post-thumbnail","hentry","weblex-importer-activity-tout-secteur","weblex-importer-category-actualites","weblex-importer-category-le-coin-du-dirigeant","weblex-importer-tag-les-actualites"],"acf":[],"_links":{"self":[{"href":"https:\/\/www.altermes.fr\/en\/wp-json\/wp\/v2\/weblex-importer-post\/252945","targetHints":{"allow":["GET"]}}],"collection":[{"href":"https:\/\/www.altermes.fr\/en\/wp-json\/wp\/v2\/weblex-importer-post"}],"about":[{"href":"https:\/\/www.altermes.fr\/en\/wp-json\/wp\/v2\/types\/weblex-importer-post"}],"wp:featuredmedia":[{"embeddable":true,"href":"https:\/\/www.altermes.fr\/en\/wp-json\/wp\/v2\/media\/252946"}],"wp:attachment":[{"href":"https:\/\/www.altermes.fr\/en\/wp-json\/wp\/v2\/media?parent=252945"}],"wp:term":[{"taxonomy":"weblex-importer-activity","embeddable":true,"href":"https:\/\/www.altermes.fr\/en\/wp-json\/wp\/v2\/weblex-importer-activity?post=252945"},{"taxonomy":"weblex-importer-category","embeddable":true,"href":"https:\/\/www.altermes.fr\/en\/wp-json\/wp\/v2\/weblex-importer-category?post=252945"},{"taxonomy":"weblex-importer-tag","embeddable":true,"href":"https:\/\/www.altermes.fr\/en\/wp-json\/wp\/v2\/weblex-importer-tag?post=252945"},{"taxonomy":"weblex-importer-keyword","embeddable":true,"href":"https:\/\/www.altermes.fr\/en\/wp-json\/wp\/v2\/weblex-importer-keyword?post=252945"}],"curies":[{"name":"wp","href":"https:\/\/api.w.org\/{rel}","templated":true}]}}