
{"id":252993,"date":"2025-10-02T00:00:00","date_gmt":"2025-10-01T22:00:00","guid":{"rendered":"https:\/\/www.altermes.fr\/les-infos-du-jour\/diagnostic-de-performance-energetique-point-trop-nen-faut\/"},"modified":"2025-10-02T00:00:00","modified_gmt":"2025-10-01T22:00:00","slug":"diagnostic-de-performance-energetique-point-trop-nen-faut","status":"publish","type":"weblex-importer-post","link":"https:\/\/www.altermes.fr\/en\/les-infos-du-jour\/diagnostic-de-performance-energetique-point-trop-nen-faut\/","title":{"rendered":"Diagnostic de performance \u00e9nerg\u00e9tique : point trop n\u2019en faut"},"content":{"rendered":"<p>Le Gouvernement cherche activement \u00e0 s\u00e9curiser les diverses prestations autour du secteur de l\u2019\u00e9conomie d\u2019\u00e9nergie. \u00c0 ce titre, une mesure est prise pour encourager certains diagnostiqueurs \u00e0 ne pas trop travailler\u2026<\/p>\n<h2>DPE : une limite \u00e0 ne pas d\u00e9passer pour assurer un travail bien fait<\/h2>\n<p>Les prestations autour des activit\u00e9s portant sur les \u00e9conomies d\u2019\u00e9nergie attirent parfois des professionnels peu scrupuleux, plus motiv\u00e9s par la rentabilit\u00e9 que par l&#8217;efficacit\u00e9 de leurs services.<\/p>\n<p>C\u2019est pourquoi il est pr\u00e9vu, pour les professionnels r\u00e9alisant des diagnostics de performance \u00e9nerg\u00e9tique (DPE), un certain seuil statistique au-del\u00e0 duquel il est consid\u00e9r\u00e9 que le professionnel n\u2019a pas pu d\u00e9livrer ses prestations dans des bonnes conditions.<\/p>\n<p>Ce seuil est fix\u00e9 \u00e0 la r\u00e9alisation de 1 000 DPE r\u00e9alis\u00e9s sur des maisons individuelles ou des appartements sur une p\u00e9riode glissante de 12 mois.<\/p>\n<p>Il est important de noter que les diagnostics de performance \u00e9nerg\u00e9tique g\u00e9n\u00e9r\u00e9s, pour chacun des logements, \u00e0 partir des donn\u00e9es du b\u00e2timent lors de la r\u00e9alisation d&#8217;un diagnostic de performance \u00e9nerg\u00e9tique du b\u00e2timent d&#8217;habitation collectif, ainsi que les diagnostics de performance \u00e9nerg\u00e9tique de b\u00e2timents collectifs, ne sont pas comptabilis\u00e9s pour cet indicateur.<\/p>\n<p>Lorsqu\u2019il est constat\u00e9 qu\u2019un professionnel a d\u00e9pass\u00e9 ce seuil, des sanctions pourront \u00eatre prononc\u00e9es apr\u00e8s une \u00e9tude des raisons ayant men\u00e9 \u00e0 ce d\u00e9passement.<\/p>\n<p>Pour les cas les plus importants pour lesquels un \u00e9l\u00e9ment intentionnel est constat\u00e9, une suspension de la certification des professionnels pourra \u00eatre prononc\u00e9e.<\/p>\n<div>Sources :  <\/p>\n<ul>\n<li><a href=\"https:\/\/www.legifrance.gouv.fr\/jorf\/id\/JORFTEXT000052019615\" target=\"_blank\" rel=\"noopener nofollow\">Arr\u00eat\u00e9 du 28 juillet 2025 d\u00e9finissant les anomalies r\u00e9v\u00e9lant un exercice manifestement irr\u00e9alisable de l&#8217;activit\u00e9 de diagnostiqueur &#8211; L\u00e9gifrance<\/a><\/li>\n<\/ul>\n<\/div>\n<p><a href=\"https:\/\/www.weblex.fr\/weblex-actualite\/diagnostic-de-performance-energetique-point-trop-n-en-faut\" target=\"_blank\" rel=\"noopener nofollow\">Diagnostic de performance \u00e9nerg\u00e9tique : point trop n\u2019en faut<\/a> &#8211; \u00a9 Copyright WebLex<\/p>\n<p><img decoding=\"async\" src=\"https:\/\/www.weblex.fr\/sites\/default\/files\/actualites\/images\/Shutterstock_DPElimitestat.jpg\" alt=\"\"><\/p>\n","protected":false},"excerpt":{"rendered":"<p>Le Gouvernement cherche activement \u00e0 s\u00e9curiser les diverses prestations autour du secteur de l\u2019\u00e9conomie d\u2019\u00e9nergie. \u00c0 ce titre, une mesure est prise pour encourager certains diagnostiqueurs \u00e0 ne pas trop travailler\u2026<\/p>\n","protected":false},"featured_media":252994,"template":"","weblex-importer-activity":[110,108,109],"weblex-importer-category":[97,101],"weblex-importer-tag":[96],"weblex-importer-keyword":[],"class_list":["post-252993","weblex-importer-post","type-weblex-importer-post","status-publish","has-post-thumbnail","hentry","weblex-importer-activity-artisan","weblex-importer-activity-prestataire-de-services","weblex-importer-activity-promoteur-lotisseur-architecte-geometre","weblex-importer-category-actualites","weblex-importer-category-infos-juridiques","weblex-importer-tag-les-actualites"],"acf":[],"_links":{"self":[{"href":"https:\/\/www.altermes.fr\/en\/wp-json\/wp\/v2\/weblex-importer-post\/252993","targetHints":{"allow":["GET"]}}],"collection":[{"href":"https:\/\/www.altermes.fr\/en\/wp-json\/wp\/v2\/weblex-importer-post"}],"about":[{"href":"https:\/\/www.altermes.fr\/en\/wp-json\/wp\/v2\/types\/weblex-importer-post"}],"wp:featuredmedia":[{"embeddable":true,"href":"https:\/\/www.altermes.fr\/en\/wp-json\/wp\/v2\/media\/252994"}],"wp:attachment":[{"href":"https:\/\/www.altermes.fr\/en\/wp-json\/wp\/v2\/media?parent=252993"}],"wp:term":[{"taxonomy":"weblex-importer-activity","embeddable":true,"href":"https:\/\/www.altermes.fr\/en\/wp-json\/wp\/v2\/weblex-importer-activity?post=252993"},{"taxonomy":"weblex-importer-category","embeddable":true,"href":"https:\/\/www.altermes.fr\/en\/wp-json\/wp\/v2\/weblex-importer-category?post=252993"},{"taxonomy":"weblex-importer-tag","embeddable":true,"href":"https:\/\/www.altermes.fr\/en\/wp-json\/wp\/v2\/weblex-importer-tag?post=252993"},{"taxonomy":"weblex-importer-keyword","embeddable":true,"href":"https:\/\/www.altermes.fr\/en\/wp-json\/wp\/v2\/weblex-importer-keyword?post=252993"}],"curies":[{"name":"wp","href":"https:\/\/api.w.org\/{rel}","templated":true}]}}