
{"id":253041,"date":"2025-09-25T00:00:00","date_gmt":"2025-09-24T22:00:00","guid":{"rendered":"https:\/\/www.altermes.fr\/les-infos-du-jour\/certibiocide-pour-qui\/"},"modified":"2025-09-25T00:00:00","modified_gmt":"2025-09-24T22:00:00","slug":"certibiocide-pour-qui","status":"publish","type":"weblex-importer-post","link":"https:\/\/www.altermes.fr\/en\/les-infos-du-jour\/certibiocide-pour-qui\/","title":{"rendered":"Certibiocide : pour qui ?"},"content":{"rendered":"<p>Les professionnels utilisant des produits biocides sont soumis \u00e0 certaines obligations et doivent notamment obtenir des certificats, appel\u00e9s \u00ab certibiocides \u00bb, attestant de leur capacit\u00e9 \u00e0 manipuler ces produits. Mais tout le monde n\u2019est pas concern\u00e9\u2026<\/p>\n<h2>Certibiocide : un r\u00e9gime all\u00e9g\u00e9 pour la sant\u00e9<\/h2>\n<p>Par principe, les professionnels utilisant dans leurs activit\u00e9s des produits biocides doivent suivre une formation relative \u00e0 la manipulation de ces produits afin d\u2019obtenir un certificat individuel appel\u00e9 \u00ab certibiocide \u00bb, qui se d\u00e9cline en 3 cat\u00e9gories :<\/p>\n<ul>\n<li>certibiocide d\u00e9sinfectants ;<\/li>\n<li>certibiocide nuisibles ;<\/li>\n<li>certibiocides autres produits.<\/li>\n<\/ul>\n<p>Plusieurs <a href=\"https:\/\/www.legifrance.gouv.fr\/loda\/article_lc\/LEGIARTI000052231408\" target=\"_blank\" rel=\"noopener nofollow\">exceptions<\/a> exemptent certains professionnels d\u2019obtenir ces certificats, et une nouvelle a r\u00e9cemment \u00e9t\u00e9 ajout\u00e9e.<\/p>\n<p>Elle concerne les professionnels lib\u00e9raux du secteur de la sant\u00e9 humaine et de la sant\u00e9 animale. N\u00e9anmoins, cette exemption ne vient pas sans contrepartie.<\/p>\n<p>Ces professionnels devront, en effet, justifier du suivi d\u2019une formation continue portant sur :<\/p>\n<ul>\n<li>les risques chimiques ;<\/li>\n<li>l\u2019utilisation des produits biocides d\u00e9sinfectants ;<\/li>\n<li>l\u2019utilisation des protections individuelles ou collectives.<\/li>\n<\/ul>\n<p>Pour les professionnels de la sant\u00e9 humaine, la formation continue s\u2019aligne sur la formation p\u00e9riodique et sa rotation de 6 ans.<\/p>\n<p>Pour les professionnels de la sant\u00e9 animale, la p\u00e9riodicit\u00e9 des actions de formation est de 5 ans. Les professionnels de la sant\u00e9 auront jusqu\u2019au 1er juillet 2027 pour faire \u00e9tat \u00e0 la Direction g\u00e9n\u00e9rale de la pr\u00e9vention des risques (DGPR) de leurs premi\u00e8res actions de formation en la mati\u00e8re.<\/p>\n<div>Sources :  <\/p>\n<ul>\n<li><a href=\"https:\/\/www.legifrance.gouv.fr\/jorf\/id\/JORFTEXT000052213013\" target=\"_blank\" rel=\"noopener nofollow\">Arr\u00eat\u00e9 du 5 septembre 2025 modifiant l&#8217;arr\u00eat\u00e9 du 9 octobre 2013 relatif aux conditions d&#8217;exercice de l&#8217;activit\u00e9 d&#8217;utilisateur professionnel et de distributeur de certains types de produits biocides<\/a><\/li>\n<\/ul>\n<\/div>\n<p><a href=\"https:\/\/www.weblex.fr\/weblex-actualite\/certibiocide-pour-qui\" target=\"_blank\" rel=\"noopener nofollow\">Certibiocide : pour qui ?<\/a> &#8211; \u00a9 Copyright WebLex<\/p>\n<p><img decoding=\"async\" src=\"https:\/\/www.weblex.fr\/sites\/default\/files\/actualites\/images\/Shutterstock_utilisateursbiocides.jpg\" alt=\"\"><\/p>\n","protected":false},"excerpt":{"rendered":"<p>Les professionnels utilisant des produits biocides sont soumis \u00e0 certaines obligations et doivent notamment obtenir des certificats, appel\u00e9s \u00ab certibiocides \u00bb, attestant de leur capacit\u00e9 \u00e0 manipuler ces produits. Mais tout le monde n\u2019est pas concern\u00e9\u2026<\/p>\n","protected":false},"featured_media":253042,"template":"","weblex-importer-activity":[102],"weblex-importer-category":[97,101],"weblex-importer-tag":[96],"weblex-importer-keyword":[],"class_list":["post-253041","weblex-importer-post","type-weblex-importer-post","status-publish","has-post-thumbnail","hentry","weblex-importer-activity-sante","weblex-importer-category-actualites","weblex-importer-category-infos-juridiques","weblex-importer-tag-les-actualites"],"acf":[],"_links":{"self":[{"href":"https:\/\/www.altermes.fr\/en\/wp-json\/wp\/v2\/weblex-importer-post\/253041","targetHints":{"allow":["GET"]}}],"collection":[{"href":"https:\/\/www.altermes.fr\/en\/wp-json\/wp\/v2\/weblex-importer-post"}],"about":[{"href":"https:\/\/www.altermes.fr\/en\/wp-json\/wp\/v2\/types\/weblex-importer-post"}],"wp:featuredmedia":[{"embeddable":true,"href":"https:\/\/www.altermes.fr\/en\/wp-json\/wp\/v2\/media\/253042"}],"wp:attachment":[{"href":"https:\/\/www.altermes.fr\/en\/wp-json\/wp\/v2\/media?parent=253041"}],"wp:term":[{"taxonomy":"weblex-importer-activity","embeddable":true,"href":"https:\/\/www.altermes.fr\/en\/wp-json\/wp\/v2\/weblex-importer-activity?post=253041"},{"taxonomy":"weblex-importer-category","embeddable":true,"href":"https:\/\/www.altermes.fr\/en\/wp-json\/wp\/v2\/weblex-importer-category?post=253041"},{"taxonomy":"weblex-importer-tag","embeddable":true,"href":"https:\/\/www.altermes.fr\/en\/wp-json\/wp\/v2\/weblex-importer-tag?post=253041"},{"taxonomy":"weblex-importer-keyword","embeddable":true,"href":"https:\/\/www.altermes.fr\/en\/wp-json\/wp\/v2\/weblex-importer-keyword?post=253041"}],"curies":[{"name":"wp","href":"https:\/\/api.w.org\/{rel}","templated":true}]}}