
{"id":253074,"date":"2025-09-22T00:00:00","date_gmt":"2025-09-21T22:00:00","guid":{"rendered":"https:\/\/www.altermes.fr\/les-infos-du-jour\/apprentissage-transfrontalier-quel-niveau-de-prise-en-charge\/"},"modified":"2025-09-22T00:00:00","modified_gmt":"2025-09-21T22:00:00","slug":"apprentissage-transfrontalier-quel-niveau-de-prise-en-charge","status":"publish","type":"weblex-importer-post","link":"https:\/\/www.altermes.fr\/en\/les-infos-du-jour\/apprentissage-transfrontalier-quel-niveau-de-prise-en-charge\/","title":{"rendered":"Apprentissage transfrontalier : quel niveau de prise en charge ?"},"content":{"rendered":"<p>Depuis la loi dite \u00ab\u202f3DS\u202f\u00bb, il est possible d\u2019effectuer une partie de sa formation th\u00e9orique et \/ ou pratique dans un pays transfrontalier dans le cadre d\u2019un contrat d\u2019apprentissage transfrontalier, dont les niveaux de prise en charge viennent d\u2019\u00eatre pr\u00e9cis\u00e9s.<\/p>\n<h2>Un financement minor\u00e9 sauf en cas d\u2019apprenti en situation de handicap<\/h2>\n<p>Si, par principe, les r\u00e8gles applicables \u00e0 l\u2019apprentissage le sont aussi \u00e0 l\u2019apprentissage transfrontalier, certaines modalit\u00e9s de mise en \u0153uvre de l\u2019apprentissage transfrontalier d\u00e9rogent.<\/p>\n<p>C\u2019est notamment le cas pour les niveaux de financement pris en charge par l\u2019op\u00e9rateur de comp\u00e9tences (OPCO) qui font l\u2019objet d\u2019am\u00e9nagements par rapport aux r\u00e8gles applicables pour les contrats d\u2019apprentissage de droit commun.<\/p>\n<p>Ainsi, il est pr\u00e9vu que, lorsque la partie pratique de la formation est r\u00e9alis\u00e9e dans un pays transfrontalier, la prise en charge par l\u2019OPCO soit minor\u00e9e de 10 % par rapport aux niveaux de prise en charge classiques.<\/p>\n<p>Dans l\u2019hypoth\u00e8se o\u00f9 aucun niveau de prise en charge n\u2019a \u00e9t\u00e9 d\u00e9termin\u00e9 \u00e0 l\u2019avance, l\u2019OPCO prend en charge les frais support\u00e9s aux termes d\u2019un forfait annuel. Notez que cette prise en charge pourra faire l\u2019objet d\u2019une r\u00e9gularisation ult\u00e9rieure.<\/p>\n<p>En cas de contrat transfrontalier conclu \u00e0 temps partiel, il sera possible de proratiser la prise en charge en fonction de la quotit\u00e9 du temps de travail de l\u2019apprenti.<\/p>\n<p>Notez que, dans le cas o\u00f9 le contrat d\u2019apprentissage est conclu avec un salari\u00e9 en situation de handicap, il sera possible de majorer cette prise en charge jusqu\u2019\u00e0 un montant de 4 000 \u20ac.<\/p>\n<p>Cette majoration sera applicable que la situation de handicap de l\u2019apprenti soit reconnue en France ou dans le pays transfrontalier.<\/p>\n<div>Sources :  <\/p>\n<ul>\n<li><a href=\"https:\/\/www.legifrance.gouv.fr\/loda\/id\/JORFTEXT000052239376\/\" target=\"_blank\" rel=\"noopener nofollow\">Arr\u00eat\u00e9 du 9 septembre 2025 relatif aux niveaux de prise en charge des contrats d&#8217;apprentissage transfrontaliers<\/a><\/li>\n<\/ul>\n<\/div>\n<p><a href=\"https:\/\/www.weblex.fr\/weblex-actualite\/apprentissage-transfrontalier-quel-niveau-de-prise-en-charge\" target=\"_blank\" rel=\"noopener nofollow\">Apprentissage transfrontalier : quel niveau de prise en charge ?<\/a> &#8211; \u00a9 Copyright WebLex<\/p>\n<p><img decoding=\"async\" src=\"https:\/\/www.weblex.fr\/sites\/default\/files\/actualites\/images\/Shutterstock_contrattransfrontalier.jpg\" alt=\"\"><\/p>\n","protected":false},"excerpt":{"rendered":"<p>Depuis la loi dite \u00ab\u202f3DS\u202f\u00bb, il est possible d\u2019effectuer une partie de sa formation th\u00e9orique et \/ ou pratique dans un pays transfrontalier dans le cadre d\u2019un contrat d\u2019apprentissage transfrontalier, dont les niveaux de prise en charge viennent d\u2019\u00eatre pr\u00e9cis\u00e9s.<\/p>\n","protected":false},"featured_media":253075,"template":"","weblex-importer-activity":[99],"weblex-importer-category":[97,98],"weblex-importer-tag":[96],"weblex-importer-keyword":[],"class_list":["post-253074","weblex-importer-post","type-weblex-importer-post","status-publish","has-post-thumbnail","hentry","weblex-importer-activity-tout-secteur","weblex-importer-category-actualites","weblex-importer-category-infos-sociales","weblex-importer-tag-les-actualites"],"acf":[],"_links":{"self":[{"href":"https:\/\/www.altermes.fr\/en\/wp-json\/wp\/v2\/weblex-importer-post\/253074","targetHints":{"allow":["GET"]}}],"collection":[{"href":"https:\/\/www.altermes.fr\/en\/wp-json\/wp\/v2\/weblex-importer-post"}],"about":[{"href":"https:\/\/www.altermes.fr\/en\/wp-json\/wp\/v2\/types\/weblex-importer-post"}],"wp:featuredmedia":[{"embeddable":true,"href":"https:\/\/www.altermes.fr\/en\/wp-json\/wp\/v2\/media\/253075"}],"wp:attachment":[{"href":"https:\/\/www.altermes.fr\/en\/wp-json\/wp\/v2\/media?parent=253074"}],"wp:term":[{"taxonomy":"weblex-importer-activity","embeddable":true,"href":"https:\/\/www.altermes.fr\/en\/wp-json\/wp\/v2\/weblex-importer-activity?post=253074"},{"taxonomy":"weblex-importer-category","embeddable":true,"href":"https:\/\/www.altermes.fr\/en\/wp-json\/wp\/v2\/weblex-importer-category?post=253074"},{"taxonomy":"weblex-importer-tag","embeddable":true,"href":"https:\/\/www.altermes.fr\/en\/wp-json\/wp\/v2\/weblex-importer-tag?post=253074"},{"taxonomy":"weblex-importer-keyword","embeddable":true,"href":"https:\/\/www.altermes.fr\/en\/wp-json\/wp\/v2\/weblex-importer-keyword?post=253074"}],"curies":[{"name":"wp","href":"https:\/\/api.w.org\/{rel}","templated":true}]}}