
{"id":253275,"date":"2025-08-29T00:00:00","date_gmt":"2025-08-28T22:00:00","guid":{"rendered":"https:\/\/www.altermes.fr\/les-infos-du-jour\/martinique-une-aide-speciale-pour-les-entreprises\/"},"modified":"2025-08-29T00:00:00","modified_gmt":"2025-08-28T22:00:00","slug":"martinique-une-aide-speciale-pour-les-entreprises","status":"publish","type":"weblex-importer-post","link":"https:\/\/www.altermes.fr\/en\/les-infos-du-jour\/martinique-une-aide-speciale-pour-les-entreprises\/","title":{"rendered":"Martinique : une aide sp\u00e9ciale pour les entreprises"},"content":{"rendered":"<p>En octobre 2024, plusieurs \u00e9meutes ont \u00e9clat\u00e9 en Martinique et se sont poursuivies pendant plusieurs mois. Une situation qui a entra\u00een\u00e9 des cons\u00e9quences n\u00e9fastes pour de nombreuses entreprises. \u00c0 ce titre, une aide sp\u00e9ciale est mise en place\u2026<\/p>\n<h2>Martinique : une aide pour compenser les pertes financi\u00e8res suite aux \u00e9meutes&nbsp;<\/h2>\n<p>Une aide financi\u00e8re exceptionnelle est mise en place au b\u00e9n\u00e9fice des entreprises ayant \u00e9t\u00e9 particuli\u00e8rement touch\u00e9es par les \u00e9meutes survenues en Martinique entre octobre et novembre 2024.&nbsp;<\/p>\n<p>Sont \u00e9ligibles les entit\u00e9s :&nbsp;<\/p>\n<ul>\n<li>r\u00e9sidentes fiscales fran\u00e7aises, ayant leur si\u00e8ge en Martinique et y exer\u00e7ant une activit\u00e9 \u00e9conomique propre ;<\/li>\n<li>inscrites au 31 aout 2024 au r\u00e9pertoire national des entreprises et de leurs \u00e9tablissements ;<\/li>\n<li>qui n\u2019\u00e9taient pas dissoutes au 31 mai 2025 (ou radi\u00e9es pour les entreprises individuelles) ;<\/li>\n<li>\u00e0 jour de leurs obligations d\u00e9claratives fiscales et sociales au 31 aout 2024 ;<\/li>\n<li>n\u2019ayant pas de dettes fiscales ou sociales impay\u00e9es au 31 aout 2024 ;<\/li>\n<li>ayant un effectif inf\u00e9rieur \u00e0 250 salari\u00e9s ;<\/li>\n<li>dont le chiffre d\u2019affaires de l\u2019exercice clos en 2023 est inf\u00e9rieur \u00e0 50 millions d\u2019euros ou dont le total du bilan n\u2019exc\u00e8de pas 43 millions d\u2019euros (pour les entreprises n&#8217;ayant pas d&#8217;exercice clos en 2023, le chiffre d&#8217;affaires mensuel moyen compris entre la date de cr\u00e9ation de l&#8217;entreprise et le 31 ao\u00fbt 2024 doit \u00eatre inf\u00e9rieur \u00e0 4 166 667 euros). Si elles sont contr\u00f4l\u00e9es par un groupe, ce sont le chiffre d\u2019affaires ou le bilan de celui-ci qui sont pris en compte ;<\/li>\n<li>ne se trouvant pas en proc\u00e9dure de redressement ou de liquidation judiciaire \u00e0 la date du 31 aout 2024 ;<\/li>\n<li>soumises \u00e0 l\u2019imp\u00f4t sur les soci\u00e9t\u00e9s pour les associations.&nbsp;<\/li>\n<\/ul>\n<p>Elles doivent en outre avoir subi des pertes :&nbsp;<\/p>\n<ul>\n<li>pour octobre 2024, d\u2019au moins 50 % entre la moyenne mensuelle du chiffre d&#8217;affaires de l&#8217;exercice clos en 2023 tel que d\u00e9clar\u00e9 \u00e0 la Direction g\u00e9n\u00e9rale des finances publiques (DGFiP) et celui r\u00e9alis\u00e9 en octobre 2024 (pour les entreprises n&#8217;ayant pas d&#8217;exercice clos en 2023, la perte doit \u00eatre d&#8217;au moins 50 % entre le chiffre d&#8217;affaires r\u00e9alis\u00e9 en septembre 2024 et celui r\u00e9alis\u00e9 en octobre 2024) ;<\/li>\n<li>pour novembre 2024, d&#8217;au moins 25 % entre la moyenne mensuelle du chiffre d&#8217;affaires de l&#8217;exercice clos en 2023 tel que d\u00e9clar\u00e9 \u00e0 la DGFiP et celui r\u00e9alis\u00e9 en novembre 2024 (pour les entreprises n&#8217;ayant pas d&#8217;exercice clos en 2023, la perte doit \u00eatre d&#8217;au moins 25 % entre le chiffre d&#8217;affaires r\u00e9alis\u00e9 en septembre 2024 et celui r\u00e9alis\u00e9 en novembre 2024).<\/li>\n<\/ul>\n<p>L\u2019aide prend la forme d\u2019une subvention dont le montant est \u00e9quivalent \u00e0 :&nbsp;<\/p>\n<ul>\n<li>\u00e0 15 % du chiffre d&#8217;affaires mensuel moyen de l&#8217;exercice clos 2023 tel que d\u00e9clar\u00e9 \u00e0 la DGFiP pour le mois d\u2019octobre ;<\/li>\n<li>\u00e0 7,5 % du chiffre d&#8217;affaires mensuel moyen de l&#8217;exercice clos 2023 tel que d\u00e9clar\u00e9 \u00e0 la DGFiP pour le mois de novembre.&nbsp;<\/li>\n<\/ul>\n<p>Pour le mois d\u2019octobre, l\u2019aide vers\u00e9e est n\u00e9cessairement comprise entre 1 500 et 10 000 \u20ac et pour le mois de novembre elle est comprise entre 750 et 5 000 \u20ac.&nbsp;<\/p>\n<p>Pour les entreprises dont l\u2019exercice 2023 ne serait pas cl\u00f4tur\u00e9, une aide forfaitaire est vers\u00e9e correspondant aux seuils minimaux de l\u2019aide : 1 500 \u20ac pour octobre et 750 \u20ac pour novembre.&nbsp;<\/p>\n<p>Pour b\u00e9n\u00e9ficier de l\u2019aide, les entit\u00e9s \u00e9ligibles devront en faire la demande par voie d\u00e9mat\u00e9rialis\u00e9e dans les 2 mois suivant la publication \u00e0 venir du formulaire de demande sur le site <a href=\"https:\/\/www.martinique.gouv.fr\/\" target=\"_blank\" rel=\"noopener nofollow\">martinique.gouv.fr<\/a>.&nbsp;<\/p>\n<p>Il faudra y joindre :&nbsp;<\/p>\n<ul>\n<li>une d\u00e9claration sur l&#8217;honneur attestant l&#8217;exactitude des informations d\u00e9clar\u00e9es et indiquant que l&#8217;entreprise remplit bien les conditions requises ;<\/li>\n<li>les coordonn\u00e9es bancaires de l&#8217;entreprise.<\/li>\n<\/ul>\n<div>Sources :  <\/p>\n<ul>\n<li><a href=\"https:\/\/www.legifrance.gouv.fr\/jorf\/id\/JORFTEXT000052059166\" target=\"_blank\" rel=\"noopener nofollow\">D\u00e9cret no 2025-776 du 7 ao\u00fbt 2025 portant cr\u00e9ation d&#8217;une aide pour les entreprises touch\u00e9es par les cons\u00e9quences \u00e9conomiques r\u00e9sultant des troubles \u00e0 l&#8217;ordre public d&#8217;octobre et novembre 2024 en Martinique<\/a><\/li>\n<\/ul>\n<\/div>\n<p><a href=\"https:\/\/www.weblex.fr\/weblex-actualite\/martinique-une-aide-speciale-pour-les-entreprises\" target=\"_blank\" rel=\"noopener nofollow\">Martinique : une aide sp\u00e9ciale pour les entreprises<\/a> &#8211; \u00a9 Copyright WebLex<\/p>\n<p><img decoding=\"async\" src=\"https:\/\/www.weblex.fr\/sites\/default\/files\/actualites\/images\/Shutterstock_aidesmartinique.jpg\" alt=\"\"><\/p>\n","protected":false},"excerpt":{"rendered":"<p>En octobre 2024, plusieurs \u00e9meutes ont \u00e9clat\u00e9 en Martinique et se sont poursuivies pendant plusieurs mois. Une situation qui a entra\u00een\u00e9 des cons\u00e9quences n\u00e9fastes pour de nombreuses entreprises. \u00c0 ce titre, une aide sp\u00e9ciale est mise en place\u2026<\/p>\n","protected":false},"featured_media":253276,"template":"","weblex-importer-activity":[99],"weblex-importer-category":[97,101],"weblex-importer-tag":[96],"weblex-importer-keyword":[],"class_list":["post-253275","weblex-importer-post","type-weblex-importer-post","status-publish","has-post-thumbnail","hentry","weblex-importer-activity-tout-secteur","weblex-importer-category-actualites","weblex-importer-category-infos-juridiques","weblex-importer-tag-les-actualites"],"acf":[],"_links":{"self":[{"href":"https:\/\/www.altermes.fr\/en\/wp-json\/wp\/v2\/weblex-importer-post\/253275","targetHints":{"allow":["GET"]}}],"collection":[{"href":"https:\/\/www.altermes.fr\/en\/wp-json\/wp\/v2\/weblex-importer-post"}],"about":[{"href":"https:\/\/www.altermes.fr\/en\/wp-json\/wp\/v2\/types\/weblex-importer-post"}],"wp:featuredmedia":[{"embeddable":true,"href":"https:\/\/www.altermes.fr\/en\/wp-json\/wp\/v2\/media\/253276"}],"wp:attachment":[{"href":"https:\/\/www.altermes.fr\/en\/wp-json\/wp\/v2\/media?parent=253275"}],"wp:term":[{"taxonomy":"weblex-importer-activity","embeddable":true,"href":"https:\/\/www.altermes.fr\/en\/wp-json\/wp\/v2\/weblex-importer-activity?post=253275"},{"taxonomy":"weblex-importer-category","embeddable":true,"href":"https:\/\/www.altermes.fr\/en\/wp-json\/wp\/v2\/weblex-importer-category?post=253275"},{"taxonomy":"weblex-importer-tag","embeddable":true,"href":"https:\/\/www.altermes.fr\/en\/wp-json\/wp\/v2\/weblex-importer-tag?post=253275"},{"taxonomy":"weblex-importer-keyword","embeddable":true,"href":"https:\/\/www.altermes.fr\/en\/wp-json\/wp\/v2\/weblex-importer-keyword?post=253275"}],"curies":[{"name":"wp","href":"https:\/\/api.w.org\/{rel}","templated":true}]}}