
{"id":253440,"date":"2025-07-15T00:00:00","date_gmt":"2025-07-14T22:00:00","guid":{"rendered":"https:\/\/www.altermes.fr\/les-infos-du-jour\/elections-professionnelles-quels-sont-les-syndicats-representatifs-au-niveau-national\/"},"modified":"2025-07-15T00:00:00","modified_gmt":"2025-07-14T22:00:00","slug":"elections-professionnelles-quels-sont-les-syndicats-representatifs-au-niveau-national","status":"publish","type":"weblex-importer-post","link":"https:\/\/www.altermes.fr\/en\/les-infos-du-jour\/elections-professionnelles-quels-sont-les-syndicats-representatifs-au-niveau-national\/","title":{"rendered":"\u00c9lections professionnelles : quels sont les syndicats repr\u00e9sentatifs au niveau national ?"},"content":{"rendered":"<p>\u00c0 la suite de la pr\u00e9sentation des r\u00e9sultats enregistr\u00e9s \u00e0 l\u2019issue du cycle \u00e9lectoral au Haut Conseil du dialogue social les 8 avril et 12 juin derniers, on conna\u00eet enfin la liste des organisations syndicales repr\u00e9sentatives au niveau national et interprofessionnel. Quelles sont-elles ?<\/p>\n<h2>Parution de la liste des organisations repr\u00e9sentatives au niveau national et interprofessionnel<\/h2>\n<p>Rappelons que pour \u00eatre repr\u00e9sentative au niveau national et interprofessionnel, une organisation syndicale doit notamment avoir recueilli au moins 8 % des suffrages exprim\u00e9s au niveau national et interprofessionnel au cours du dernier cycle \u00e9lectoral.<\/p>\n<p>Comme pour chaque cycle \u00e9lectoral, le nombre de suffrages exprim\u00e9s par organisation syndicale vient tout juste d\u2019\u00eatre publi\u00e9. \u00c0 la suite des derni\u00e8res \u00e9lections professionnelles, les organisations syndicales reconnues comme repr\u00e9sentatives au niveau national et interprofessionnel sont les suivantes :<\/p>\n<ul>\n<li>La CFDT \u00e0 hauteur de 30,88 %<\/li>\n<li>La CGT \u00e0 hauteur de 25,70 %<\/li>\n<li>La CGT-FO \u00e0 hauteur de 17,27 %<\/li>\n<li>La CFE-CGC \u00e0 hauteur de 15,01 %<\/li>\n<li>La CFTC \u00e0 hauteur de 11,14 %<\/li>\n<\/ul>\n<div>Sources :  <\/p>\n<ul>\n<li><a href=\"https:\/\/www.legifrance.gouv.fr\/jorf\/id\/JORFTEXT000051862310\" target=\"_blank\" rel=\"noopener nofollow\">Arr\u00eat\u00e9 du 8 juillet 2025 fixant la liste des organisations syndicales reconnues repr\u00e9sentatives au niveau national et interprofessionnel<\/a><\/li>\n<\/ul>\n<\/div>\n<p><a href=\"https:\/\/www.weblex.fr\/weblex-actualite\/elections-professionnelles-quels-sont-les-syndicats-representatifs-au-niveau-national\" target=\"_blank\" rel=\"noopener nofollow\">\u00c9lections professionnelles : quels sont les syndicats repr\u00e9sentatifs au niveau national ?<\/a> &#8211; \u00a9 Copyright WebLex<\/p>\n<p><img decoding=\"async\" src=\"https:\/\/www.weblex.fr\/sites\/default\/files\/actualites\/images\/Shutterstock_OS%20representatives.jpg\" alt=\"\"><\/p>\n","protected":false},"excerpt":{"rendered":"<p>\u00c0 la suite de la pr\u00e9sentation des r\u00e9sultats enregistr\u00e9s \u00e0 l\u2019issue du cycle \u00e9lectoral au Haut Conseil du dialogue social les 8 avril et 12 juin derniers, on conna\u00eet enfin la liste des organisations syndicales repr\u00e9sentatives au niveau national et interprofessionnel. Quelles sont-elles ?<\/p>\n","protected":false},"featured_media":253441,"template":"","weblex-importer-activity":[99],"weblex-importer-category":[97,98],"weblex-importer-tag":[96],"weblex-importer-keyword":[],"class_list":["post-253440","weblex-importer-post","type-weblex-importer-post","status-publish","has-post-thumbnail","hentry","weblex-importer-activity-tout-secteur","weblex-importer-category-actualites","weblex-importer-category-infos-sociales","weblex-importer-tag-les-actualites"],"acf":[],"_links":{"self":[{"href":"https:\/\/www.altermes.fr\/en\/wp-json\/wp\/v2\/weblex-importer-post\/253440","targetHints":{"allow":["GET"]}}],"collection":[{"href":"https:\/\/www.altermes.fr\/en\/wp-json\/wp\/v2\/weblex-importer-post"}],"about":[{"href":"https:\/\/www.altermes.fr\/en\/wp-json\/wp\/v2\/types\/weblex-importer-post"}],"wp:featuredmedia":[{"embeddable":true,"href":"https:\/\/www.altermes.fr\/en\/wp-json\/wp\/v2\/media\/253441"}],"wp:attachment":[{"href":"https:\/\/www.altermes.fr\/en\/wp-json\/wp\/v2\/media?parent=253440"}],"wp:term":[{"taxonomy":"weblex-importer-activity","embeddable":true,"href":"https:\/\/www.altermes.fr\/en\/wp-json\/wp\/v2\/weblex-importer-activity?post=253440"},{"taxonomy":"weblex-importer-category","embeddable":true,"href":"https:\/\/www.altermes.fr\/en\/wp-json\/wp\/v2\/weblex-importer-category?post=253440"},{"taxonomy":"weblex-importer-tag","embeddable":true,"href":"https:\/\/www.altermes.fr\/en\/wp-json\/wp\/v2\/weblex-importer-tag?post=253440"},{"taxonomy":"weblex-importer-keyword","embeddable":true,"href":"https:\/\/www.altermes.fr\/en\/wp-json\/wp\/v2\/weblex-importer-keyword?post=253440"}],"curies":[{"name":"wp","href":"https:\/\/api.w.org\/{rel}","templated":true}]}}