
{"id":253500,"date":"2025-07-07T00:00:00","date_gmt":"2025-07-06T22:00:00","guid":{"rendered":"https:\/\/www.altermes.fr\/les-infos-du-jour\/tabac-et-protection-des-mineurs-deux-nouveautes\/"},"modified":"2025-07-07T00:00:00","modified_gmt":"2025-07-06T22:00:00","slug":"tabac-et-protection-des-mineurs-deux-nouveautes","status":"publish","type":"weblex-importer-post","link":"https:\/\/www.altermes.fr\/en\/les-infos-du-jour\/tabac-et-protection-des-mineurs-deux-nouveautes\/","title":{"rendered":"Tabac et protection des mineurs : deux nouveaut\u00e9s !"},"content":{"rendered":"<p>Afin de r\u00e9duire le tabagisme passif et de d\u00e9normaliser la consommation de tabac, les pouvoirs publics ont, d\u2019une part, \u00e9largi les \u00ab espaces non-fumeurs \u00bb et, d\u2019autre part, renforc\u00e9 les sanctions en cas de vente de produit du tabac ou du vapotage \u00e0 des mineurs. Pr\u00e9cisons\u2026<\/p>\n<h2>De nouveaux espaces non-fumeurs<\/h2>\n<p>Les pouvoirs publics ont enrichi la liste des espaces non-fumeurs. L\u2019interdiction de fumer est donc \u00e9tendue :<\/p>\n<ul>\n<li>aux zones affect\u00e9es \u00e0 l&#8217;attente des voyageurs pendant les heures de service ;<\/li>\n<li>\u00e0 un p\u00e9rim\u00e8tre autour des acc\u00e8s publics des \u00e9coles, coll\u00e8ges et lyc\u00e9es, pendant leurs heures d&#8217;ouverture ;<\/li>\n<li>aux espaces non couverts des \u00e9tablissements destin\u00e9s \u00e0 l&#8217;accueil, \u00e0 la formation ou \u00e0 l&#8217;h\u00e9bergement des mineurs et dans un p\u00e9rim\u00e8tre autour des acc\u00e8s de ces \u00e9tablissements pendant leurs heures d&#8217;ouverture ;<\/li>\n<li>aux espaces non couverts des biblioth\u00e8ques et des \u00e9quipements sportifs et dans un p\u00e9rim\u00e8tre autour de leurs acc\u00e8s publics pendant leurs heures d&#8217;ouverture ;<\/li>\n<li>sur les plages bordant les eaux de baignade pendant la saison baln\u00e9aire ;<\/li>\n<li>dans les parcs et jardins publics.<\/li>\n<\/ul>\n<p>Notez qu\u2019un arr\u00eat\u00e9 doit encore pr\u00e9ciser les p\u00e9rim\u00e8tres mentionn\u00e9s.<\/p>\n<p>Le maire pourra, pour les \u00e9tablissements d\u2019accueil, de formation ou d\u2019h\u00e9bergement des mineurs, les biblioth\u00e8ques, les \u00e9quipements sportifs et les \u00e9tablissements scolaires, augmenter les p\u00e9rim\u00e8tres non-fumeurs et les plages horaires d\u2019interdiction.<\/p>\n<p>Ces nouveaux espaces sont aussi valables dans les territoires de Wallis-et-Futuna<\/p>\n<h2>Renforcement des sanctions en cas de vente \u00e0 un mineur<\/h2>\n<p>Le fait de vendre ou d\u2019offrir gratuitement des produits du tabac ou du vapotage \u00e0 un mineur est sanctionn\u00e9 par une contravention, non plus de 4e mais de 5e classe.<\/p>\n<div>Sources :  <\/p>\n<ul>\n<li><a href=\"https:\/\/www.legifrance.gouv.fr\/jorf\/id\/JORFTEXT000051806161\" target=\"_blank\" rel=\"noopener nofollow\">D\u00e9cret no 2025-582 du 27 juin 2025 relatif aux espaces sans tabac et \u00e0 la lutte contre la vente aux mineurs des produits du tabac et du vapotage<\/a><\/li>\n<\/ul>\n<\/div>\n<p><a href=\"https:\/\/www.weblex.fr\/weblex-actualite\/tabac-et-protection-des-mineurs-deux-nouveautes\" target=\"_blank\" rel=\"noopener nofollow\">Tabac et protection des mineurs : deux nouveaut\u00e9s ! <\/a> &#8211; \u00a9 Copyright WebLex<\/p>\n<p><img decoding=\"async\" src=\"https:\/\/www.weblex.fr\/sites\/default\/files\/actualites\/images\/Shutterstock_esapcesanstabac.jpg\" alt=\"\"><\/p>\n","protected":false},"excerpt":{"rendered":"<p>Afin de r\u00e9duire le tabagisme passif et de d\u00e9normaliser la consommation de tabac, les pouvoirs publics ont, d\u2019une part, \u00e9largi les \u00ab espaces non-fumeurs \u00bb et, d\u2019autre part, renforc\u00e9 les sanctions en cas de vente de produit du tabac ou du vapotage \u00e0 des mineurs. Pr\u00e9cisons\u2026<\/p>\n","protected":false},"featured_media":253501,"template":"","weblex-importer-activity":[107,106,102],"weblex-importer-category":[97,101],"weblex-importer-tag":[96],"weblex-importer-keyword":[],"class_list":["post-253500","weblex-importer-post","type-weblex-importer-post","status-publish","has-post-thumbnail","hentry","weblex-importer-activity-cafe-hotel-restaurant","weblex-importer-activity-commercant","weblex-importer-activity-sante","weblex-importer-category-actualites","weblex-importer-category-infos-juridiques","weblex-importer-tag-les-actualites"],"acf":[],"_links":{"self":[{"href":"https:\/\/www.altermes.fr\/en\/wp-json\/wp\/v2\/weblex-importer-post\/253500","targetHints":{"allow":["GET"]}}],"collection":[{"href":"https:\/\/www.altermes.fr\/en\/wp-json\/wp\/v2\/weblex-importer-post"}],"about":[{"href":"https:\/\/www.altermes.fr\/en\/wp-json\/wp\/v2\/types\/weblex-importer-post"}],"wp:featuredmedia":[{"embeddable":true,"href":"https:\/\/www.altermes.fr\/en\/wp-json\/wp\/v2\/media\/253501"}],"wp:attachment":[{"href":"https:\/\/www.altermes.fr\/en\/wp-json\/wp\/v2\/media?parent=253500"}],"wp:term":[{"taxonomy":"weblex-importer-activity","embeddable":true,"href":"https:\/\/www.altermes.fr\/en\/wp-json\/wp\/v2\/weblex-importer-activity?post=253500"},{"taxonomy":"weblex-importer-category","embeddable":true,"href":"https:\/\/www.altermes.fr\/en\/wp-json\/wp\/v2\/weblex-importer-category?post=253500"},{"taxonomy":"weblex-importer-tag","embeddable":true,"href":"https:\/\/www.altermes.fr\/en\/wp-json\/wp\/v2\/weblex-importer-tag?post=253500"},{"taxonomy":"weblex-importer-keyword","embeddable":true,"href":"https:\/\/www.altermes.fr\/en\/wp-json\/wp\/v2\/weblex-importer-keyword?post=253500"}],"curies":[{"name":"wp","href":"https:\/\/api.w.org\/{rel}","templated":true}]}}