
{"id":254219,"date":"2025-11-25T00:00:00","date_gmt":"2025-11-24T23:00:00","guid":{"rendered":"https:\/\/www.altermes.fr\/les-infos-du-jour\/artistes-auteurs-les-demarches-2026-sont-ouvertes\/"},"modified":"2025-11-25T00:00:00","modified_gmt":"2025-11-24T23:00:00","slug":"artistes-auteurs-les-demarches-2026-sont-ouvertes","status":"publish","type":"weblex-importer-post","link":"https:\/\/www.altermes.fr\/en\/les-infos-du-jour\/artistes-auteurs-les-demarches-2026-sont-ouvertes\/","title":{"rendered":"Artistes-auteurs : les d\u00e9marches 2026 sont ouvertes"},"content":{"rendered":"<p>D\u00e8s le 1er d\u00e9cembre 2025, les artistes-auteurs doivent r\u00e9cup\u00e9rer leur dispense de pr\u00e9compte et consulter leur calendrier pr\u00e9visionnel de cotisations 2026. La modulation pour ajuster les cotisations du 1er trimestre sera \u00e9galement ouverte jusqu\u2019au 31 d\u00e9cembre.<\/p>\n<h2>Artistes-auteurs : dispense de pr\u00e9compte 2026 disponible et modulation des cotisations ouverte !<\/h2>\n<p>Pour m\u00e9moire, les artistes-auteurs impos\u00e9s dans la cat\u00e9gorie b\u00e9n\u00e9fices non commerciaux b\u00e9n\u00e9ficient d\u2019une dispense de pr\u00e9compte qui doit imp\u00e9rativement \u00eatre remise aux diffuseurs.<\/p>\n<p>Pour 2026, cette dispense est d\u2019ores et d\u00e9j\u00e0 disponible depuis l\u2019espace en ligne <a href=\"https:\/\/www.artistes-auteurs.urssaf.fr\/aa\/accueil\" target=\"_blank\" rel=\"noopener nofollow\">artistes-auteurs.urssaf.fr<\/a>, rubrique \u00ab Messagerie \u00bb. Un mail contenant votre dispense de pr\u00e9compte en pi\u00e8ce jointe vous a \u00e9t\u00e9 envoy\u00e9.<\/p>\n<p>Notez que, pour les artistes-auteurs qui ont cr\u00e9\u00e9 leur activit\u00e9 cette ann\u00e9e, le certificat d\u2019immatriculation li\u00e9 au SIRET fait office de pr\u00e9compte aupr\u00e8s des diffuseurs pour cette ann\u00e9e.<\/p>\n<p>En parall\u00e8le de cette mise \u00e0 disposition, l\u2019Urssaf pr\u00e9pare aussi la gestion de vos cotisations pour l\u2019ann\u00e9e \u00e0 venir.<\/p>\n<p>\u00c0 compter du 1er d\u00e9cembre 2025, les artistes-auteurs recevront leur calendrier de cotisations provisionnelles 2026 avec le d\u00e9tail des montants et des prochaines \u00e9ch\u00e9ances.<\/p>\n<p>Le service de modulation des cotisations pour le 1er trimestre 2026 sera ouvert d\u00e8s le 1er d\u00e9cembre 2025, permettant ainsi d\u2019ajuster le montant des cotisations selon les revenus estim\u00e9s.<\/p>\n<p>Attention : la modulation des cotisations ne sera possible que jusqu\u2019au 31 d\u00e9cembre 2025.&nbsp;<\/p>\n<p>Un mode d\u2019emploi visant \u00e0 accompagner les d\u00e9marches, ainsi qu\u2019un calendrier et l\u2019acc\u00e8s au service de modulation, sont disponibles sur l\u2019espace personnel <a href=\"https:\/\/www.artistes-auteurs.urssaf.fr\/aa\/accueil\" target=\"_blank\" rel=\"noopener nofollow\">artistes-auteurs.urssaf.fr.<\/a><\/p>\n<div>Sources :  <\/p>\n<ul>\n<li><a href=\"https:\/\/www.urssaf.fr\/accueil\/actualites\/aa-calendrier-paiement.html\" target=\"_blank\" rel=\"noopener nofollow\">Actualit\u00e9 de l\u2019Urssaf.fr : \u00ab Artistes-auteurs : modulation et calendrier de paiement 2026 \u00bb publi\u00e9e le 21 novembre 2025.<\/a><\/li>\n<li><a href=\"https:\/\/www.urssaf.fr\/accueil\/actualites\/aa-dispense-precompte-annuelle.html\" target=\"_blank\" rel=\"noopener nofollow\">Actualit\u00e9 de l\u2019Urssaf.fr : \u00ab Artistes-auteurs en BNC, votre dispense de pr\u00e9compte est disponible \u00bb mise \u00e0 jour le 18 novembre 2025<\/a><\/li>\n<\/ul>\n<\/div>\n<p><a href=\"https:\/\/www.weblex.fr\/weblex-actualite\/artistes-auteurs-les-demarches-2026-sont-ouvertes\" target=\"_blank\" rel=\"noopener nofollow\">Artistes-auteurs : les d\u00e9marches 2026 sont ouvertes  <\/a> &#8211; \u00a9 Copyright WebLex<\/p>\n<p><img decoding=\"async\" src=\"https:\/\/www.weblex.fr\/sites\/default\/files\/actualites\/images\/Shutterstock_precomptecotisationsursaff.jpg\" alt=\"\"><\/p>\n","protected":false},"excerpt":{"rendered":"<p>D\u00e8s le 1er d\u00e9cembre 2025, les artistes-auteurs doivent r\u00e9cup\u00e9rer leur dispense de pr\u00e9compte et consulter leur calendrier pr\u00e9visionnel de cotisations 2026. La modulation pour ajuster les cotisations du 1er trimestre sera \u00e9galement ouverte jusqu\u2019au 31 d\u00e9cembre.<\/p>\n","protected":false},"featured_media":254220,"template":"","weblex-importer-activity":[117,108],"weblex-importer-category":[97,98],"weblex-importer-tag":[96],"weblex-importer-keyword":[],"class_list":["post-254219","weblex-importer-post","type-weblex-importer-post","status-publish","has-post-thumbnail","hentry","weblex-importer-activity-consultant","weblex-importer-activity-prestataire-de-services","weblex-importer-category-actualites","weblex-importer-category-infos-sociales","weblex-importer-tag-les-actualites"],"acf":[],"_links":{"self":[{"href":"https:\/\/www.altermes.fr\/en\/wp-json\/wp\/v2\/weblex-importer-post\/254219","targetHints":{"allow":["GET"]}}],"collection":[{"href":"https:\/\/www.altermes.fr\/en\/wp-json\/wp\/v2\/weblex-importer-post"}],"about":[{"href":"https:\/\/www.altermes.fr\/en\/wp-json\/wp\/v2\/types\/weblex-importer-post"}],"wp:featuredmedia":[{"embeddable":true,"href":"https:\/\/www.altermes.fr\/en\/wp-json\/wp\/v2\/media\/254220"}],"wp:attachment":[{"href":"https:\/\/www.altermes.fr\/en\/wp-json\/wp\/v2\/media?parent=254219"}],"wp:term":[{"taxonomy":"weblex-importer-activity","embeddable":true,"href":"https:\/\/www.altermes.fr\/en\/wp-json\/wp\/v2\/weblex-importer-activity?post=254219"},{"taxonomy":"weblex-importer-category","embeddable":true,"href":"https:\/\/www.altermes.fr\/en\/wp-json\/wp\/v2\/weblex-importer-category?post=254219"},{"taxonomy":"weblex-importer-tag","embeddable":true,"href":"https:\/\/www.altermes.fr\/en\/wp-json\/wp\/v2\/weblex-importer-tag?post=254219"},{"taxonomy":"weblex-importer-keyword","embeddable":true,"href":"https:\/\/www.altermes.fr\/en\/wp-json\/wp\/v2\/weblex-importer-keyword?post=254219"}],"curies":[{"name":"wp","href":"https:\/\/api.w.org\/{rel}","templated":true}]}}