
{"id":254665,"date":"2026-01-22T00:00:00","date_gmt":"2026-01-21T23:00:00","guid":{"rendered":"https:\/\/www.altermes.fr\/les-infos-du-jour\/sci-facturation-electronique-obligatoire\/"},"modified":"2026-01-22T00:00:00","modified_gmt":"2026-01-21T23:00:00","slug":"sci-facturation-electronique-obligatoire","status":"publish","type":"weblex-importer-post","link":"https:\/\/www.altermes.fr\/en\/les-infos-du-jour\/sci-facturation-electronique-obligatoire\/","title":{"rendered":"SCI : facturation \u00e9lectronique obligatoire ?"},"content":{"rendered":"<div class=\"question-quizz\">\n<p>Un entrepreneur a acquis, via une SCI, les locaux d&#8217;exploitation qu&#8217;il loue \u00e0 son entreprise. Il se demande s&#8217;il sera soumis ou non \u00e0 la r\u00e9forme de la facturation \u00e9lectronique \u00e0 partir du 1er septembre 2026 et s&#8217;il devra choisir pour cette date une plateforme agr\u00e9\u00e9e.<\/p>\n<p>D&#8217;apr\u00e8s vous ?<\/p>\n<\/p><\/div>\n<ul class=\"propal-quizz\">\n<li class=\"quizz-a\"><a href=\"#reponse\">Oui <\/a><\/li>\n<li class=\"quizz-b\"><a href=\"#reponse\">Non<\/a><\/li>\n<\/ul>\n<div id=\"rna\" class=\"reponse-non-affichee\"><\/div>\n<div id=\"reponse\" class=\"reponse-quizz-in\">La bonne r\u00e9ponse est&#8230;<br \/>Oui <\/p>\n<p>En mati\u00e8re de facturation \u00e9lectronique, s&#8217;agissant des soci\u00e9t\u00e9s civiles immobili\u00e8res (SCI), l&#8217;obligation varie en fonction de leur assujettissement \u00e0 la TVA. Dans le cas d&#8217;une SCI qui loue des locaux nus \u00e0 usage professionnel, sa situation va varier selon qu&#8217;elle a ou non opt\u00e9 pour le paiement de la TVA sur les loyers : si elle n&#8217;a pas opt\u00e9 pour la TVA, elle ne sera que dans l&#8217;obligation de recevoir des factures \u00e9lectroniques \u00e0 partir du 1er septembre 2026 ; si elle a opt\u00e9 pour la TVA, elle sera non seulement dans l&#8217;obligation de recevoir des factures \u00e9lectroniques \u00e0 partir du 1er septembre 2026, mais aussi d&#8217;\u00e9mettre des factures \u00e9lectroniques selon le calendrier pr\u00e9vu \u00e0 cet effet (au plus tard au 1er septembre 2027).<\/p>\n<\/div>\n","protected":false},"excerpt":{"rendered":"<p>Un entrepreneur a acquis, via une SCI, les locaux d&#8217;exploitation qu&#8217;il loue \u00e0 son entreprise. Il se demande s&#8217;il sera soumis ou non \u00e0 la r\u00e9forme de la facturation \u00e9lectronique \u00e0 partir du 1er septembre 2026 et s&#8217;il devra choisir pour cette date une plateforme agr\u00e9\u00e9e. D&#8217;apr\u00e8s vous ? Oui Non La bonne r\u00e9ponse est&#8230;Oui [&hellip;]<\/p>\n","protected":false},"featured_media":254666,"template":"","weblex-importer-activity":[105,113,110,116,115,107,106,112,111,108,139,103,109,102,99,114],"weblex-importer-category":[121],"weblex-importer-tag":[120],"weblex-importer-keyword":[],"class_list":["post-254665","weblex-importer-post","type-weblex-importer-post","status-publish","has-post-thumbnail","hentry","weblex-importer-activity-agent-immobilier","weblex-importer-activity-agriculture","weblex-importer-activity-artisan","weblex-importer-activity-association","weblex-importer-activity-automobile","weblex-importer-activity-cafe-hotel-restaurant","weblex-importer-activity-commercant","weblex-importer-activity-distributeur-grossiste","weblex-importer-activity-industrie","weblex-importer-activity-prestataire-de-services","weblex-importer-activity-professionnels-du-divertissement","weblex-importer-activity-professionnels-du-droit-et-du-chiffre","weblex-importer-activity-promoteur-lotisseur-architecte-geometre","weblex-importer-activity-sante","weblex-importer-activity-tout-secteur","weblex-importer-activity-transport","weblex-importer-category-le-quiz-hebdo","weblex-importer-tag-le-quiz"],"acf":[],"_links":{"self":[{"href":"https:\/\/www.altermes.fr\/en\/wp-json\/wp\/v2\/weblex-importer-post\/254665","targetHints":{"allow":["GET"]}}],"collection":[{"href":"https:\/\/www.altermes.fr\/en\/wp-json\/wp\/v2\/weblex-importer-post"}],"about":[{"href":"https:\/\/www.altermes.fr\/en\/wp-json\/wp\/v2\/types\/weblex-importer-post"}],"wp:featuredmedia":[{"embeddable":true,"href":"https:\/\/www.altermes.fr\/en\/wp-json\/wp\/v2\/media\/254666"}],"wp:attachment":[{"href":"https:\/\/www.altermes.fr\/en\/wp-json\/wp\/v2\/media?parent=254665"}],"wp:term":[{"taxonomy":"weblex-importer-activity","embeddable":true,"href":"https:\/\/www.altermes.fr\/en\/wp-json\/wp\/v2\/weblex-importer-activity?post=254665"},{"taxonomy":"weblex-importer-category","embeddable":true,"href":"https:\/\/www.altermes.fr\/en\/wp-json\/wp\/v2\/weblex-importer-category?post=254665"},{"taxonomy":"weblex-importer-tag","embeddable":true,"href":"https:\/\/www.altermes.fr\/en\/wp-json\/wp\/v2\/weblex-importer-tag?post=254665"},{"taxonomy":"weblex-importer-keyword","embeddable":true,"href":"https:\/\/www.altermes.fr\/en\/wp-json\/wp\/v2\/weblex-importer-keyword?post=254665"}],"curies":[{"name":"wp","href":"https:\/\/api.w.org\/{rel}","templated":true}]}}